{"id":614,"date":"2010-01-07T19:37:12","date_gmt":"2010-01-07T19:37:12","guid":{"rendered":"http:\/\/floroconcept.wordpress.com\/?p=614"},"modified":"2025-11-19T09:54:31","modified_gmt":"2025-11-19T09:54:31","slug":"decoracion-del-escaparate-de-loreak-mendian-en-barcelona","status":"publish","type":"post","link":"https:\/\/floroazqueta.com\/es\/decoracion-del-escaparate-de-loreak-mendian-en-barcelona\/","title":{"rendered":"Decoraci\u00f3n  del escaparate de Loreak Mendian en Barcelona"},"content":{"rendered":"<p><a href=\"http:\/\/www.ja-studio.com\/es\/index.htm\" target=\"_blank\">Ja!-studio<\/a>, ha elegido una de las fotograf\u00edas de la serie <a href=\"http:\/\/www.fotoconcepto.com\/galeria.php?col=3&amp;cat=19&amp;idtag=&amp;cerca=&amp;itemspp=48\" target=\"_blank\">Celograf\u00edas de Fotoconcepto<\/a>, para la decoraci\u00f3n del escaparate de <a href=\"loreak mendian\" target=\"_blank\">Loreak Mendian<\/a> en Barcelona.<\/p>\n<p>El trabajo esta planteado de tal forma que de la fotograf\u00eda, que cubre todo el fondo del espacio expositivo, surja una interacci\u00f3n con la instalaci\u00f3n y con el propio cristal por medio de hilos negros que parten de la fotograf\u00eda. Estos hilos, que van y vienen a distintos lugares, se ayudan de peque\u00f1as ventosas, conformando una instalaci\u00f3n en donde bidimensionalidad y tridimensionalidad se apoyan para conformar un todo. En una parte de la fotograf\u00eda se ha colocado una bola blanca y una de las ventosas esta recubierta de una semiesfera negra de pl\u00e1stico negro formando parte de la composici\u00f3n.<\/p>\n<p>La fotograf\u00eda de 251 cm x 311 cm ha sido impresa directamente sobre un forex de 3mm y fijada a la pared con velcro.<\/p>\n<p><a href=\"http:\/\/floroconcept.files.wordpress.com\/2010\/01\/lm-12-09-bcn-02-21.jpg\"><img loading=\"lazy\" decoding=\"async\" class=\"aligncenter size-full wp-image-624\" title=\"Lm 12-09 bcn.02-2\" src=\"http:\/\/floroconcept.files.wordpress.com\/2010\/01\/lm-12-09-bcn-02-21.jpg\" alt=\"\" width=\"450\" height=\"377\" \/><\/a><\/p>\n<p><a href=\"http:\/\/floroconcept.files.wordpress.com\/2010\/01\/lm-12-09-bcn-06.jpg\"><img loading=\"lazy\" decoding=\"async\" class=\"aligncenter size-full wp-image-617\" title=\"Lm 12-09 bcn.06\" src=\"http:\/\/floroconcept.files.wordpress.com\/2010\/01\/lm-12-09-bcn-06.jpg\" alt=\"\" width=\"450\" height=\"300\" \/><\/a><\/p>\n","protected":false},"excerpt":{"rendered":"<p>Ja!-studio, ha elegido una de las fotograf\u00edas de la serie Celograf\u00edas de Fotoconcepto, para la decoraci\u00f3n del escaparate de Loreak Mendian en Barcelona. El trabajo esta planteado de tal forma que de la fotograf\u00eda, que cubre todo el fondo del espacio expositivo, surja una interacci\u00f3n con la instalaci\u00f3n y con el propio cristal por medio [&hellip;]<\/p>\n","protected":false},"author":1,"featured_media":0,"comment_status":"closed","ping_status":"open","sticky":false,"template":"","format":"standard","meta":{"footnotes":""},"categories":[25],"tags":[115,138,149,164,176,210,212,229],"class_list":["post-614","post","type-post","status-publish","format-standard","hentry","category-proyectos","tag-escaparatismo","tag-fotoconcepto","tag-fotografia-conceptual","tag-fotografia-gran-formato","tag-fotografias-para-decorar","tag-ion-ander-beloki","tag-ja","tag-loreak-mendian"],"yoast_head":"<!-- This site is optimized with the Yoast SEO plugin v26.7 - https:\/\/yoast.com\/wordpress\/plugins\/seo\/ -->\n<title>Decoraci\u00f3n del escaparate de Loreak Mendian en Barcelona &#183; Floro Azqueta<\/title>\n<meta name=\"robots\" content=\"index, follow, max-snippet:-1, max-image-preview:large, max-video-preview:-1\" \/>\n<link rel=\"canonical\" href=\"https:\/\/floroazqueta.com\/decoracion-del-escaparate-de-loreak-mendian-en-barcelona\/\" \/>\n<meta property=\"og:locale\" content=\"es_ES\" \/>\n<meta property=\"og:type\" content=\"article\" \/>\n<meta property=\"og:title\" content=\"Decoraci\u00f3n del escaparate de Loreak Mendian en Barcelona &#183; Floro Azqueta\" \/>\n<meta property=\"og:description\" content=\"Ja!-studio, ha elegido una de las fotograf\u00edas de la serie Celograf\u00edas de Fotoconcepto, para la decoraci\u00f3n del escaparate de Loreak Mendian en Barcelona. El trabajo esta planteado de tal forma que de la fotograf\u00eda, que cubre todo el fondo del espacio expositivo, surja una interacci\u00f3n con la instalaci\u00f3n y con el propio cristal por medio [&hellip;]\" \/>\n<meta property=\"og:url\" content=\"https:\/\/floroazqueta.com\/decoracion-del-escaparate-de-loreak-mendian-en-barcelona\/\" \/>\n<meta property=\"og:site_name\" content=\"Floro Azqueta\" \/>\n<meta property=\"article:publisher\" content=\"https:\/\/www.facebook.com\/floro.azqueta\" \/>\n<meta property=\"article:author\" content=\"https:\/\/www.facebook.com\/floro.azqueta\" \/>\n<meta property=\"article:published_time\" content=\"2010-01-07T19:37:12+00:00\" \/>\n<meta property=\"article:modified_time\" content=\"2025-11-19T09:54:31+00:00\" \/>\n<meta name=\"author\" content=\"floro_azqueta\" \/>\n<meta name=\"twitter:label1\" content=\"Escrito por\" \/>\n\t<meta name=\"twitter:data1\" content=\"floro_azqueta\" \/>\n\t<meta name=\"twitter:label2\" content=\"Tiempo de lectura\" \/>\n\t<meta name=\"twitter:data2\" content=\"1 minuto\" \/>\n<script type=\"application\/ld+json\" class=\"yoast-schema-graph\">{\"@context\":\"https:\/\/schema.org\",\"@graph\":[{\"@type\":\"Article\",\"@id\":\"https:\/\/floroazqueta.com\/decoracion-del-escaparate-de-loreak-mendian-en-barcelona\/#article\",\"isPartOf\":{\"@id\":\"https:\/\/floroazqueta.com\/decoracion-del-escaparate-de-loreak-mendian-en-barcelona\/\"},\"author\":{\"name\":\"floro_azqueta\",\"@id\":\"https:\/\/floroazqueta.com\/#\/schema\/person\/5dcde229a1cd1e32558101c4c507b73d\"},\"headline\":\"Decoraci\u00f3n del escaparate de Loreak Mendian en Barcelona\",\"datePublished\":\"2010-01-07T19:37:12+00:00\",\"dateModified\":\"2025-11-19T09:54:31+00:00\",\"mainEntityOfPage\":{\"@id\":\"https:\/\/floroazqueta.com\/decoracion-del-escaparate-de-loreak-mendian-en-barcelona\/\"},\"wordCount\":167,\"image\":{\"@id\":\"https:\/\/floroazqueta.com\/decoracion-del-escaparate-de-loreak-mendian-en-barcelona\/#primaryimage\"},\"thumbnailUrl\":\"http:\/\/floroconcept.files.wordpress.com\/2010\/01\/lm-12-09-bcn-02-21.jpg\",\"keywords\":[\"Escaparatismo\",\"fotoconcepto\",\"Fotograf\u00eda conceptual\",\"fotografia gran formato\",\"fotografias para decorar\",\"Ion Ander Beloki\",\"Ja\",\"Loreak Mendian\"],\"articleSection\":[\"PROYECTS\"],\"inLanguage\":\"es\"},{\"@type\":\"WebPage\",\"@id\":\"https:\/\/floroazqueta.com\/decoracion-del-escaparate-de-loreak-mendian-en-barcelona\/\",\"url\":\"https:\/\/floroazqueta.com\/decoracion-del-escaparate-de-loreak-mendian-en-barcelona\/\",\"name\":\"Decoraci\u00f3n del escaparate de Loreak Mendian en Barcelona &#183; Floro Azqueta\",\"isPartOf\":{\"@id\":\"https:\/\/floroazqueta.com\/#website\"},\"primaryImageOfPage\":{\"@id\":\"https:\/\/floroazqueta.com\/decoracion-del-escaparate-de-loreak-mendian-en-barcelona\/#primaryimage\"},\"image\":{\"@id\":\"https:\/\/floroazqueta.com\/decoracion-del-escaparate-de-loreak-mendian-en-barcelona\/#primaryimage\"},\"thumbnailUrl\":\"http:\/\/floroconcept.files.wordpress.com\/2010\/01\/lm-12-09-bcn-02-21.jpg\",\"datePublished\":\"2010-01-07T19:37:12+00:00\",\"dateModified\":\"2025-11-19T09:54:31+00:00\",\"author\":{\"@id\":\"https:\/\/floroazqueta.com\/#\/schema\/person\/5dcde229a1cd1e32558101c4c507b73d\"},\"breadcrumb\":{\"@id\":\"https:\/\/floroazqueta.com\/decoracion-del-escaparate-de-loreak-mendian-en-barcelona\/#breadcrumb\"},\"inLanguage\":\"es\",\"potentialAction\":[{\"@type\":\"ReadAction\",\"target\":[\"https:\/\/floroazqueta.com\/decoracion-del-escaparate-de-loreak-mendian-en-barcelona\/\"]}]},{\"@type\":\"ImageObject\",\"inLanguage\":\"es\",\"@id\":\"https:\/\/floroazqueta.com\/decoracion-del-escaparate-de-loreak-mendian-en-barcelona\/#primaryimage\",\"url\":\"http:\/\/floroconcept.files.wordpress.com\/2010\/01\/lm-12-09-bcn-02-21.jpg\",\"contentUrl\":\"http:\/\/floroconcept.files.wordpress.com\/2010\/01\/lm-12-09-bcn-02-21.jpg\"},{\"@type\":\"BreadcrumbList\",\"@id\":\"https:\/\/floroazqueta.com\/decoracion-del-escaparate-de-loreak-mendian-en-barcelona\/#breadcrumb\",\"itemListElement\":[{\"@type\":\"ListItem\",\"position\":1,\"name\":\"Portada\",\"item\":\"https:\/\/floroazqueta.com\/\"},{\"@type\":\"ListItem\",\"position\":2,\"name\":\"Decoraci\u00f3n del escaparate de Loreak Mendian en Barcelona\"}]},{\"@type\":\"WebSite\",\"@id\":\"https:\/\/floroazqueta.com\/#website\",\"url\":\"https:\/\/floroazqueta.com\/\",\"name\":\"Floro Azqueta\",\"description\":\"Food and Interior photographer &amp; filmmaker London, Barcelona, San Sebasti\u00e1n\",\"potentialAction\":[{\"@type\":\"SearchAction\",\"target\":{\"@type\":\"EntryPoint\",\"urlTemplate\":\"https:\/\/floroazqueta.com\/?s={search_term_string}\"},\"query-input\":{\"@type\":\"PropertyValueSpecification\",\"valueRequired\":true,\"valueName\":\"search_term_string\"}}],\"inLanguage\":\"es\"},{\"@type\":\"Person\",\"@id\":\"https:\/\/floroazqueta.com\/#\/schema\/person\/5dcde229a1cd1e32558101c4c507b73d\",\"name\":\"floro_azqueta\",\"image\":{\"@type\":\"ImageObject\",\"inLanguage\":\"es\",\"@id\":\"https:\/\/floroazqueta.com\/#\/schema\/person\/image\/\",\"url\":\"https:\/\/secure.gravatar.com\/avatar\/16986b97c3ac726b86dabcaa74c2588aede594a0e7282df55ef920bc259be642?s=96&d=mm&r=g\",\"contentUrl\":\"https:\/\/secure.gravatar.com\/avatar\/16986b97c3ac726b86dabcaa74c2588aede594a0e7282df55ef920bc259be642?s=96&d=mm&r=g\",\"caption\":\"floro_azqueta\"},\"description\":\"Floro Azqueta was born in San Sebasti\u00e1n. Studied photography in Madrid and Barcelona. Currently lives and works in London, San Sebastian, and Barcelona. Food photographer in London and San Sebastian, has done several books and worked in different magazines and companies in the sector, either through advertising agencies or direct clients. Another field in his career are the architecture, planning and interior design, working for architects, hotels, interior designers and for the city of Barcelona. His work extends the scope of the portrait, corporate photography, e-commerce and advertising photography in general. In all the fields, Floro is in command of the technical aspects in order to develop and focus on what the job needs creatively and also conceptuly for each different production. In his work like a Filmmaker you can see a interest for the well narrate subjects, with nice shoots and care photography that are looking of a cinematographic and independent tradition. His commercial work with the camera are complemented by a job in the art world. He was awarded a scholarship for artistic creation by the Provincial Council of Gipuzkoa. He has exhibited in numerous galleries and institutions: Arteleku (S. Sebastian), Koldo Michelena (S. Sebastian), Gallery Viewer (Valencia), Museum of Contemporary Art MACBA (Barcelona), living Metronom (Barcelona), among others.\",\"sameAs\":[\"http:\/\/floroazqueta.com\",\"https:\/\/www.facebook.com\/floro.azqueta\",\"https:\/\/x.com\/@FloroAzqueta\"],\"url\":\"https:\/\/floroazqueta.com\/es\/author\/floro_azqueta\/\"}]}<\/script>\n<!-- \/ Yoast SEO plugin. -->","yoast_head_json":{"title":"Decoraci\u00f3n del escaparate de Loreak Mendian en Barcelona &#183; Floro Azqueta","robots":{"index":"index","follow":"follow","max-snippet":"max-snippet:-1","max-image-preview":"max-image-preview:large","max-video-preview":"max-video-preview:-1"},"canonical":"https:\/\/floroazqueta.com\/decoracion-del-escaparate-de-loreak-mendian-en-barcelona\/","og_locale":"es_ES","og_type":"article","og_title":"Decoraci\u00f3n del escaparate de Loreak Mendian en Barcelona &#183; Floro Azqueta","og_description":"Ja!-studio, ha elegido una de las fotograf\u00edas de la serie Celograf\u00edas de Fotoconcepto, para la decoraci\u00f3n del escaparate de Loreak Mendian en Barcelona. El trabajo esta planteado de tal forma que de la fotograf\u00eda, que cubre todo el fondo del espacio expositivo, surja una interacci\u00f3n con la instalaci\u00f3n y con el propio cristal por medio [&hellip;]","og_url":"https:\/\/floroazqueta.com\/decoracion-del-escaparate-de-loreak-mendian-en-barcelona\/","og_site_name":"Floro Azqueta","article_publisher":"https:\/\/www.facebook.com\/floro.azqueta","article_author":"https:\/\/www.facebook.com\/floro.azqueta","article_published_time":"2010-01-07T19:37:12+00:00","article_modified_time":"2025-11-19T09:54:31+00:00","author":"floro_azqueta","twitter_misc":{"Escrito por":"floro_azqueta","Tiempo de lectura":"1 minuto"},"schema":{"@context":"https:\/\/schema.org","@graph":[{"@type":"Article","@id":"https:\/\/floroazqueta.com\/decoracion-del-escaparate-de-loreak-mendian-en-barcelona\/#article","isPartOf":{"@id":"https:\/\/floroazqueta.com\/decoracion-del-escaparate-de-loreak-mendian-en-barcelona\/"},"author":{"name":"floro_azqueta","@id":"https:\/\/floroazqueta.com\/#\/schema\/person\/5dcde229a1cd1e32558101c4c507b73d"},"headline":"Decoraci\u00f3n del escaparate de Loreak Mendian en Barcelona","datePublished":"2010-01-07T19:37:12+00:00","dateModified":"2025-11-19T09:54:31+00:00","mainEntityOfPage":{"@id":"https:\/\/floroazqueta.com\/decoracion-del-escaparate-de-loreak-mendian-en-barcelona\/"},"wordCount":167,"image":{"@id":"https:\/\/floroazqueta.com\/decoracion-del-escaparate-de-loreak-mendian-en-barcelona\/#primaryimage"},"thumbnailUrl":"http:\/\/floroconcept.files.wordpress.com\/2010\/01\/lm-12-09-bcn-02-21.jpg","keywords":["Escaparatismo","fotoconcepto","Fotograf\u00eda conceptual","fotografia gran formato","fotografias para decorar","Ion Ander Beloki","Ja","Loreak Mendian"],"articleSection":["PROYECTS"],"inLanguage":"es"},{"@type":"WebPage","@id":"https:\/\/floroazqueta.com\/decoracion-del-escaparate-de-loreak-mendian-en-barcelona\/","url":"https:\/\/floroazqueta.com\/decoracion-del-escaparate-de-loreak-mendian-en-barcelona\/","name":"Decoraci\u00f3n del escaparate de Loreak Mendian en Barcelona &#183; Floro Azqueta","isPartOf":{"@id":"https:\/\/floroazqueta.com\/#website"},"primaryImageOfPage":{"@id":"https:\/\/floroazqueta.com\/decoracion-del-escaparate-de-loreak-mendian-en-barcelona\/#primaryimage"},"image":{"@id":"https:\/\/floroazqueta.com\/decoracion-del-escaparate-de-loreak-mendian-en-barcelona\/#primaryimage"},"thumbnailUrl":"http:\/\/floroconcept.files.wordpress.com\/2010\/01\/lm-12-09-bcn-02-21.jpg","datePublished":"2010-01-07T19:37:12+00:00","dateModified":"2025-11-19T09:54:31+00:00","author":{"@id":"https:\/\/floroazqueta.com\/#\/schema\/person\/5dcde229a1cd1e32558101c4c507b73d"},"breadcrumb":{"@id":"https:\/\/floroazqueta.com\/decoracion-del-escaparate-de-loreak-mendian-en-barcelona\/#breadcrumb"},"inLanguage":"es","potentialAction":[{"@type":"ReadAction","target":["https:\/\/floroazqueta.com\/decoracion-del-escaparate-de-loreak-mendian-en-barcelona\/"]}]},{"@type":"ImageObject","inLanguage":"es","@id":"https:\/\/floroazqueta.com\/decoracion-del-escaparate-de-loreak-mendian-en-barcelona\/#primaryimage","url":"http:\/\/floroconcept.files.wordpress.com\/2010\/01\/lm-12-09-bcn-02-21.jpg","contentUrl":"http:\/\/floroconcept.files.wordpress.com\/2010\/01\/lm-12-09-bcn-02-21.jpg"},{"@type":"BreadcrumbList","@id":"https:\/\/floroazqueta.com\/decoracion-del-escaparate-de-loreak-mendian-en-barcelona\/#breadcrumb","itemListElement":[{"@type":"ListItem","position":1,"name":"Portada","item":"https:\/\/floroazqueta.com\/"},{"@type":"ListItem","position":2,"name":"Decoraci\u00f3n del escaparate de Loreak Mendian en Barcelona"}]},{"@type":"WebSite","@id":"https:\/\/floroazqueta.com\/#website","url":"https:\/\/floroazqueta.com\/","name":"Floro Azqueta","description":"Food and Interior photographer &amp; filmmaker London, Barcelona, San Sebasti\u00e1n","potentialAction":[{"@type":"SearchAction","target":{"@type":"EntryPoint","urlTemplate":"https:\/\/floroazqueta.com\/?s={search_term_string}"},"query-input":{"@type":"PropertyValueSpecification","valueRequired":true,"valueName":"search_term_string"}}],"inLanguage":"es"},{"@type":"Person","@id":"https:\/\/floroazqueta.com\/#\/schema\/person\/5dcde229a1cd1e32558101c4c507b73d","name":"floro_azqueta","image":{"@type":"ImageObject","inLanguage":"es","@id":"https:\/\/floroazqueta.com\/#\/schema\/person\/image\/","url":"https:\/\/secure.gravatar.com\/avatar\/16986b97c3ac726b86dabcaa74c2588aede594a0e7282df55ef920bc259be642?s=96&d=mm&r=g","contentUrl":"https:\/\/secure.gravatar.com\/avatar\/16986b97c3ac726b86dabcaa74c2588aede594a0e7282df55ef920bc259be642?s=96&d=mm&r=g","caption":"floro_azqueta"},"description":"Floro Azqueta was born in San Sebasti\u00e1n. Studied photography in Madrid and Barcelona. Currently lives and works in London, San Sebastian, and Barcelona. Food photographer in London and San Sebastian, has done several books and worked in different magazines and companies in the sector, either through advertising agencies or direct clients. Another field in his career are the architecture, planning and interior design, working for architects, hotels, interior designers and for the city of Barcelona. His work extends the scope of the portrait, corporate photography, e-commerce and advertising photography in general. In all the fields, Floro is in command of the technical aspects in order to develop and focus on what the job needs creatively and also conceptuly for each different production. In his work like a Filmmaker you can see a interest for the well narrate subjects, with nice shoots and care photography that are looking of a cinematographic and independent tradition. His commercial work with the camera are complemented by a job in the art world. He was awarded a scholarship for artistic creation by the Provincial Council of Gipuzkoa. He has exhibited in numerous galleries and institutions: Arteleku (S. Sebastian), Koldo Michelena (S. Sebastian), Gallery Viewer (Valencia), Museum of Contemporary Art MACBA (Barcelona), living Metronom (Barcelona), among others.","sameAs":["http:\/\/floroazqueta.com","https:\/\/www.facebook.com\/floro.azqueta","https:\/\/x.com\/@FloroAzqueta"],"url":"https:\/\/floroazqueta.com\/es\/author\/floro_azqueta\/"}]}},"_links":{"self":[{"href":"https:\/\/floroazqueta.com\/es\/wp-json\/wp\/v2\/posts\/614","targetHints":{"allow":["GET"]}}],"collection":[{"href":"https:\/\/floroazqueta.com\/es\/wp-json\/wp\/v2\/posts"}],"about":[{"href":"https:\/\/floroazqueta.com\/es\/wp-json\/wp\/v2\/types\/post"}],"author":[{"embeddable":true,"href":"https:\/\/floroazqueta.com\/es\/wp-json\/wp\/v2\/users\/1"}],"replies":[{"embeddable":true,"href":"https:\/\/floroazqueta.com\/es\/wp-json\/wp\/v2\/comments?post=614"}],"version-history":[{"count":1,"href":"https:\/\/floroazqueta.com\/es\/wp-json\/wp\/v2\/posts\/614\/revisions"}],"predecessor-version":[{"id":5026,"href":"https:\/\/floroazqueta.com\/es\/wp-json\/wp\/v2\/posts\/614\/revisions\/5026"}],"wp:attachment":[{"href":"https:\/\/floroazqueta.com\/es\/wp-json\/wp\/v2\/media?parent=614"}],"wp:term":[{"taxonomy":"category","embeddable":true,"href":"https:\/\/floroazqueta.com\/es\/wp-json\/wp\/v2\/categories?post=614"},{"taxonomy":"post_tag","embeddable":true,"href":"https:\/\/floroazqueta.com\/es\/wp-json\/wp\/v2\/tags?post=614"}],"curies":[{"name":"wp","href":"https:\/\/api.w.org\/{rel}","templated":true}]}}